{"id":2177,"date":"2026-04-23T12:31:41","date_gmt":"2026-04-23T10:31:41","guid":{"rendered":"https:\/\/ampavistarreal.es\/?p=2177"},"modified":"2026-04-23T12:31:41","modified_gmt":"2026-04-23T10:31:41","slug":"celebramos-el-dia-del-libro-en-el-colegio-vistarreal-%f0%9f%93%9a","status":"publish","type":"post","link":"https:\/\/ampavistarreal.es\/?p=2177","title":{"rendered":"Celebramos el D\u00eda del Libro en el colegio Vistarreal \ud83d\udcda"},"content":{"rendered":"\n<figure class=\"wp-block-image size-large\"><a href=\"https:\/\/ampavistarreal.es\/wp-content\/uploads\/2026\/04\/WhatsApp-Image-2026-04-20-at-16.58.25-1.jpeg\"><img fetchpriority=\"high\" decoding=\"async\" width=\"724\" height=\"1024\" src=\"https:\/\/ampavistarreal.es\/wp-content\/uploads\/2026\/04\/WhatsApp-Image-2026-04-20-at-16.58.25-1-724x1024.jpeg\" alt=\"\" class=\"wp-image-2179\" srcset=\"https:\/\/ampavistarreal.es\/wp-content\/uploads\/2026\/04\/WhatsApp-Image-2026-04-20-at-16.58.25-1-724x1024.jpeg 724w, https:\/\/ampavistarreal.es\/wp-content\/uploads\/2026\/04\/WhatsApp-Image-2026-04-20-at-16.58.25-1-212x300.jpeg 212w, https:\/\/ampavistarreal.es\/wp-content\/uploads\/2026\/04\/WhatsApp-Image-2026-04-20-at-16.58.25-1-768x1086.jpeg 768w, https:\/\/ampavistarreal.es\/wp-content\/uploads\/2026\/04\/WhatsApp-Image-2026-04-20-at-16.58.25-1-1086x1536.jpeg 1086w, https:\/\/ampavistarreal.es\/wp-content\/uploads\/2026\/04\/WhatsApp-Image-2026-04-20-at-16.58.25-1.jpeg 1131w\" sizes=\"(max-width: 724px) 100vw, 724px\" \/><\/a><\/figure>\n\n\n\n<p class=\"wp-block-paragraph\">Con motivo del D\u00eda del Libro, desde la AMPA del colegio Vistarreal hemos preparado una serie de actividades pensadas para fomentar la creatividad, el compa\u00f1erismo y, sobre todo, el gusto por la lectura entre nuestro alumnado.<\/p>\n\n\n\n<p class=\"wp-block-paragraph\"><strong>\ud83d\udcd6 Trocalibro: compartir para descubrir nuevas historias<\/strong><br>Invitamos a todos los alumnos y alumnas a participar en nuestro <em>Trocalibro<\/em>, una iniciativa que consiste en traer al colegio libros usados que ya no utilicen para intercambiarlos con sus compa\u00f1eros. Es una oportunidad fant\u00e1stica para dar una segunda vida a los libros, descubrir nuevas lecturas y compartir historias con otros ni\u00f1os y ni\u00f1as.<\/p>\n\n\n\n<p class=\"wp-block-paragraph\"><strong>\ud83c\udfa8\u270d\ufe0f Concurso de dibujo y relato corto<\/strong><br>Adem\u00e1s, os animamos a participar en nuestro concurso de <strong>dibujo <\/strong>(para las etapas de infantil, primero y segundo de primaria) y <strong>relato corto<\/strong> (dirigido al resto del  alumnado). La tem\u00e1tica de los trabajos deber\u00e1 estar relacionada con los libros y la lectura, con el objetivo de estimular la imaginaci\u00f3n y la expresi\u00f3n art\u00edstica y literaria.<\/p>\n\n\n\n<p class=\"wp-block-paragraph\">Pr\u00f3ximamente publicaremos las bases completas del concurso, donde se detallar\u00e1n las categor\u00edas, plazos de entrega y criterios de valoraci\u00f3n.<\/p>\n\n\n\n<p class=\"wp-block-paragraph\">\ud83d\udc49 <strong>Consulta aqu\u00ed las bases del concurso:<\/strong> [<a href=\"https:\/\/drive.google.com\/file\/d\/1oUc9cVQlvUYKNAZSVCtvEvw5b2ltFxFY\/view?usp=sharing\" data-type=\"link\" data-id=\"https:\/\/drive.google.com\/file\/d\/1oUc9cVQlvUYKNAZSVCtvEvw5b2ltFxFY\/view?usp=sharing\">Enlace a las bases<\/a>]<\/p>\n\n\n\n<p class=\"wp-block-paragraph\">Animamos a todas las familias a participar y a motivar a sus hijos e hijas a formar parte de estas actividades tan especiales. \u00a1Celebremos juntos el placer de leer!<\/p>\n\n\n\n<p class=\"wp-block-paragraph\"><strong>AMPA Colegio Vistarreal<\/strong><\/p>\n\n\n\n<p class=\"wp-block-paragraph\"><em>#JuntosSumamos<\/em><\/p>\n\n\n\n<p class=\"wp-block-paragraph\"><\/p>\n","protected":false},"excerpt":{"rendered":"<p>Con motivo del D\u00eda del Libro, desde la AMPA del colegio Vistarreal hemos preparado una serie de actividades pensadas para fomentar la creatividad, el compa\u00f1erismo y, sobre todo, el gusto por la lectura entre nuestro alumnado. \ud83d\udcd6 Trocalibro: compartir para descubrir nuevas historiasInvitamos a todos los alumnos y alumnas a participar en nuestro Trocalibro, una &hellip; <\/p>\n<p class=\"link-more\"><a href=\"https:\/\/ampavistarreal.es\/?p=2177\" class=\"more-link\">Continuar leyendo<span class=\"screen-reader-text\"> \u00abCelebramos el D\u00eda del Libro en el colegio Vistarreal \ud83d\udcda\u00bb<\/span><\/a><\/p>\n","protected":false},"author":3,"featured_media":0,"comment_status":"closed","ping_status":"","sticky":false,"template":"","format":"standard","meta":{"_jetpack_newsletter_access":"","_jetpack_dont_email_post_to_subs":false,"_jetpack_newsletter_tier_id":0,"_jetpack_memberships_contains_paywalled_content":false,"_jetpack_feature_clip_id":0,"_jetpack_memberships_contains_paid_content":false,"footnotes":"","jetpack_post_was_ever_published":false},"categories":[2],"tags":[],"class_list":["post-2177","post","type-post","status-publish","format-standard","hentry","category-noticias"],"jetpack_sharing_enabled":true,"jetpack_featured_media_url":"","_links":{"self":[{"href":"https:\/\/ampavistarreal.es\/index.php?rest_route=\/wp\/v2\/posts\/2177","targetHints":{"allow":["GET"]}}],"collection":[{"href":"https:\/\/ampavistarreal.es\/index.php?rest_route=\/wp\/v2\/posts"}],"about":[{"href":"https:\/\/ampavistarreal.es\/index.php?rest_route=\/wp\/v2\/types\/post"}],"author":[{"embeddable":true,"href":"https:\/\/ampavistarreal.es\/index.php?rest_route=\/wp\/v2\/users\/3"}],"replies":[{"embeddable":true,"href":"https:\/\/ampavistarreal.es\/index.php?rest_route=%2Fwp%2Fv2%2Fcomments&post=2177"}],"version-history":[{"count":1,"href":"https:\/\/ampavistarreal.es\/index.php?rest_route=\/wp\/v2\/posts\/2177\/revisions"}],"predecessor-version":[{"id":2180,"href":"https:\/\/ampavistarreal.es\/index.php?rest_route=\/wp\/v2\/posts\/2177\/revisions\/2180"}],"wp:attachment":[{"href":"https:\/\/ampavistarreal.es\/index.php?rest_route=%2Fwp%2Fv2%2Fmedia&parent=2177"}],"wp:term":[{"taxonomy":"category","embeddable":true,"href":"https:\/\/ampavistarreal.es\/index.php?rest_route=%2Fwp%2Fv2%2Fcategories&post=2177"},{"taxonomy":"post_tag","embeddable":true,"href":"https:\/\/ampavistarreal.es\/index.php?rest_route=%2Fwp%2Fv2%2Ftags&post=2177"}],"curies":[{"name":"wp","href":"https:\/\/api.w.org\/{rel}","templated":true}]}}