{"id":2161,"date":"2026-02-17T14:33:25","date_gmt":"2026-02-17T13:33:25","guid":{"rendered":"https:\/\/ampavistarreal.es\/?p=2161"},"modified":"2026-04-23T12:18:09","modified_gmt":"2026-04-23T10:18:09","slug":"gracias-por-hacerlo-posible-un-carnaval-para-recordar-%f0%9f%8e%ad%f0%9f%8e%89","status":"publish","type":"post","link":"https:\/\/ampavistarreal.es\/?p=2161","title":{"rendered":"Gracias por hacerlo posible: un Carnaval para recordar \ud83c\udfad\ud83c\udf89"},"content":{"rendered":"\n<p class=\"wp-block-paragraph\">Desde la AMPA del Colegio Vistarreal queremos agradeceros sinceramente vuestra participaci\u00f3n en la fiesta de Carnaval del pasado lunes . Ha sido una jornada llena de color, m\u00fasica, disfraces incre\u00edbles y muchas, muchas, sonrisas  \u2728\u2728<\/p>\n\n\n\n<p class=\"wp-block-paragraph\">En primer lugar, queremos agradecer a <strong>todas las familias<\/strong> que nos acompa\u00f1aran y participaran en el concurso con tanta creatividad y originalidad \ud83d\udc4f\ud83c\udffc\ud83d\udc4f\ud83c\udffc La implicaci\u00f3n de madres, padres y alumnado es la base que da sentido a la AMPA: sin vosotros, nada de esto existir\u00eda.<\/p>\n\n\n\n<p class=\"wp-block-paragraph\">Tambi\u00e9n queremos reconocer el apoyo del <strong>equipo del Colegio Vistarreal<\/strong>. Gracias por vuestra ayuda, facilitarnos los medios y las instalaciones y por acompa\u00f1arnos durante toda la fiesta, apostando por este tipo de celebraciones que creemos que son esenciales para fomentar la convivencia y crear comunidad \ud83e\udd17<\/p>\n\n\n\n<p class=\"wp-block-paragraph\">Y, tambi\u00e9n de manera muy especial, queremos agradecer la colaboraci\u00f3n totalmente altruista de tres empresas que han aportado recursos, tiempo y profesionalidad sin esperar nada a cambio:<\/p>\n\n\n\n<ul class=\"wp-block-list\">\n<li><strong>APC Audio<\/strong>, por facilitarnos los altavoces <\/li>\n\n\n\n<li><strong>Market Suprem<\/strong>, por la donaci\u00f3n  de art\u00edculos de fiesta<\/li>\n\n\n\n<li><strong>Manitas Servicios Fer<\/strong>, por encargarse del coche que nos acompa\u00f1\u00f3 con la m\u00fasica durante toda la fiesta <\/li>\n<\/ul>\n\n\n\n<figure class=\"wp-block-image size-full\"><a href=\"https:\/\/ampavistarreal.es\/wp-content\/uploads\/2026\/02\/WhatsApp-Image-2026-02-17-at-14.04.11.jpeg\"><img decoding=\"async\" width=\"250\" height=\"100\" src=\"https:\/\/ampavistarreal.es\/wp-content\/uploads\/2026\/02\/WhatsApp-Image-2026-02-17-at-14.04.11.jpeg\" alt=\"\" class=\"wp-image-2164\"\/><\/a><\/figure>\n\n\n\n<figure class=\"wp-block-image size-large is-resized\"><a href=\"https:\/\/ampavistarreal.es\/wp-content\/uploads\/2026\/02\/WhatsApp-Image-2026-02-17-at-14.04.26.jpeg\"><img fetchpriority=\"high\" decoding=\"async\" width=\"1024\" height=\"576\" src=\"https:\/\/ampavistarreal.es\/wp-content\/uploads\/2026\/02\/WhatsApp-Image-2026-02-17-at-14.04.26-1024x576.jpeg\" alt=\"\" class=\"wp-image-2163\" style=\"width:252px;height:auto\" srcset=\"https:\/\/ampavistarreal.es\/wp-content\/uploads\/2026\/02\/WhatsApp-Image-2026-02-17-at-14.04.26-1024x576.jpeg 1024w, https:\/\/ampavistarreal.es\/wp-content\/uploads\/2026\/02\/WhatsApp-Image-2026-02-17-at-14.04.26-300x169.jpeg 300w, https:\/\/ampavistarreal.es\/wp-content\/uploads\/2026\/02\/WhatsApp-Image-2026-02-17-at-14.04.26-768x432.jpeg 768w, https:\/\/ampavistarreal.es\/wp-content\/uploads\/2026\/02\/WhatsApp-Image-2026-02-17-at-14.04.26-1536x864.jpeg 1536w, https:\/\/ampavistarreal.es\/wp-content\/uploads\/2026\/02\/WhatsApp-Image-2026-02-17-at-14.04.26.jpeg 1600w\" sizes=\"(max-width: 767px) 89vw, (max-width: 1000px) 54vw, (max-width: 1071px) 543px, 580px\" \/><\/a><\/figure>\n\n\n\n<figure class=\"wp-block-image size-large is-resized\"><a href=\"https:\/\/ampavistarreal.es\/wp-content\/uploads\/2026\/02\/WhatsApp-Image-2026-02-17-at-14.01.23.jpeg\"><img decoding=\"async\" width=\"1024\" height=\"743\" src=\"https:\/\/ampavistarreal.es\/wp-content\/uploads\/2026\/02\/WhatsApp-Image-2026-02-17-at-14.01.23-1024x743.jpeg\" alt=\"\" class=\"wp-image-2162\" style=\"aspect-ratio:1.3782350309923956;width:250px;height:auto\" srcset=\"https:\/\/ampavistarreal.es\/wp-content\/uploads\/2026\/02\/WhatsApp-Image-2026-02-17-at-14.01.23-1024x743.jpeg 1024w, https:\/\/ampavistarreal.es\/wp-content\/uploads\/2026\/02\/WhatsApp-Image-2026-02-17-at-14.01.23-300x218.jpeg 300w, https:\/\/ampavistarreal.es\/wp-content\/uploads\/2026\/02\/WhatsApp-Image-2026-02-17-at-14.01.23-768x557.jpeg 768w, https:\/\/ampavistarreal.es\/wp-content\/uploads\/2026\/02\/WhatsApp-Image-2026-02-17-at-14.01.23.jpeg 1045w\" sizes=\"(max-width: 767px) 89vw, (max-width: 1000px) 54vw, (max-width: 1071px) 543px, 580px\" \/><\/a><\/figure>\n\n\n\n<p class=\"wp-block-paragraph\"><\/p>\n\n\n\n<p class=\"wp-block-paragraph\">Gracias a todos por hacerlo posible??<br>Seguimos sumando juntos <\/p>\n\n\n\n<p class=\"wp-block-paragraph\"><strong>#JuntosSumamos<\/strong><\/p>\n\n\n\n<p class=\"wp-block-paragraph\"><em>AMPA Colegio Vistarreal<\/em><\/p>\n","protected":false},"excerpt":{"rendered":"<p>Desde la AMPA del Colegio Vistarreal queremos agradeceros sinceramente vuestra participaci\u00f3n en la fiesta de Carnaval del pasado lunes . Ha sido una jornada llena de color, m\u00fasica, disfraces incre\u00edbles y muchas, muchas, sonrisas \u2728\u2728 En primer lugar, queremos agradecer a todas las familias que nos acompa\u00f1aran y participaran en el concurso con tanta creatividad &hellip; <\/p>\n<p class=\"link-more\"><a href=\"https:\/\/ampavistarreal.es\/?p=2161\" class=\"more-link\">Continuar leyendo<span class=\"screen-reader-text\"> \u00abGracias por hacerlo posible: un Carnaval para recordar \ud83c\udfad\ud83c\udf89\u00bb<\/span><\/a><\/p>\n","protected":false},"author":3,"featured_media":0,"comment_status":"closed","ping_status":"","sticky":false,"template":"","format":"standard","meta":{"_jetpack_newsletter_access":"","_jetpack_dont_email_post_to_subs":false,"_jetpack_newsletter_tier_id":0,"_jetpack_memberships_contains_paywalled_content":false,"_jetpack_feature_clip_id":0,"_jetpack_memberships_contains_paid_content":false,"footnotes":"","jetpack_post_was_ever_published":false},"categories":[2],"tags":[],"class_list":["post-2161","post","type-post","status-publish","format-standard","hentry","category-noticias"],"jetpack_sharing_enabled":true,"jetpack_featured_media_url":"","_links":{"self":[{"href":"https:\/\/ampavistarreal.es\/index.php?rest_route=\/wp\/v2\/posts\/2161","targetHints":{"allow":["GET"]}}],"collection":[{"href":"https:\/\/ampavistarreal.es\/index.php?rest_route=\/wp\/v2\/posts"}],"about":[{"href":"https:\/\/ampavistarreal.es\/index.php?rest_route=\/wp\/v2\/types\/post"}],"author":[{"embeddable":true,"href":"https:\/\/ampavistarreal.es\/index.php?rest_route=\/wp\/v2\/users\/3"}],"replies":[{"embeddable":true,"href":"https:\/\/ampavistarreal.es\/index.php?rest_route=%2Fwp%2Fv2%2Fcomments&post=2161"}],"version-history":[{"count":6,"href":"https:\/\/ampavistarreal.es\/index.php?rest_route=\/wp\/v2\/posts\/2161\/revisions"}],"predecessor-version":[{"id":2173,"href":"https:\/\/ampavistarreal.es\/index.php?rest_route=\/wp\/v2\/posts\/2161\/revisions\/2173"}],"wp:attachment":[{"href":"https:\/\/ampavistarreal.es\/index.php?rest_route=%2Fwp%2Fv2%2Fmedia&parent=2161"}],"wp:term":[{"taxonomy":"category","embeddable":true,"href":"https:\/\/ampavistarreal.es\/index.php?rest_route=%2Fwp%2Fv2%2Fcategories&post=2161"},{"taxonomy":"post_tag","embeddable":true,"href":"https:\/\/ampavistarreal.es\/index.php?rest_route=%2Fwp%2Fv2%2Ftags&post=2161"}],"curies":[{"name":"wp","href":"https:\/\/api.w.org\/{rel}","templated":true}]}}